{"id":1051,"date":"2025-07-09T18:48:58","date_gmt":"2025-07-09T18:48:58","guid":{"rendered":"https:\/\/museobora.org\/wp\/?p=1051"},"modified":"2025-07-12T19:23:35","modified_gmt":"2025-07-12T19:23:35","slug":"boraviglie-cudoburje-noi-per-go2025","status":"publish","type":"post","link":"https:\/\/museobora.org\/wp\/2025\/07\/09\/boraviglie-cudoburje-noi-per-go2025\/","title":{"rendered":"Boraviglie \u010cudoburje \u2022 Noi per GO!2025"},"content":{"rendered":"<p><span style=\"font-weight: 400;\">Boraviglie-\u010cudoburje, \u00e8 l&#8217;evento inaugurale dello spazio culturale collegato al Borarium del Museo della Bora a Opicina. <\/span><span style=\"font-weight: 400;\">Attraverso il tema delle \u201cmeraviglie della Bora\u201d si esplorano tanti aspetti affascinanti legati a questo vento &#8211; e al territorio su cui soffia &#8211; per sottolineare come esso unisca le popolazioni al di qua e al di l\u00e0 del confine.\u00a0<\/span><span style=\"font-weight: 400;\">Il neologismo \u201cBoraviglie\u201d riporta alla magia dello stupore intorno a noi, che in sloveno diventa \u201c\u010cudoburje &#8211; \u010dude\u017ei burjaste de\u017eele\u201d, nella traduzione d\u2019autore del poeta Miroslav Ko\u0161uta. Proprio a lui sar\u00e0 dedicata a settembre una piccola mostra, un omaggio all\u2019opera di un poeta del territorio e della natura, influente esponente della cultura slovena. <\/span><span style=\"font-weight: 400;\">Parallelamente alla mostra \u00e8 prevista la collaborazione <\/span><i><span style=\"font-weight: 400;\">borderless<\/span><\/i><span style=\"font-weight: 400;\"> con il Museo di \u0160tanjel-San Daniele del Carso. Ad accompagnare il tutto, sono in programma incontri che spaziano dalla meteorologia, alla letteratura, all&#8217;enogastronomia, sempre prendendo spunto dal vento che ci accomuna. \u00c8 il nostro modo di festeggiare GO!2025 Nova Gorica\/Gorizia, la prima capitale europea della cultura transfrontaliera.<\/span><\/p>\n<p>Ecco i primi appuntamenti del progetto, che ha ricevuto il contributo del Bando GO!2025 della Regione Friuli Venezia Giulia.<\/p>\n<p>&nbsp;<\/p>\n<p><span style=\"text-decoration: underline;\">Marted\u00ec 22 luglio alle 17.30 (col fresco) al Borarium, Via Nazionale, 49 Opicina<\/span><\/p>\n<p><b>Quattro chiacchiere nel vento<\/b><\/p>\n<p><span style=\"font-weight: 400;\">Dialogo tra Sergio Ruzzier e Chiara Carminati<\/span><\/p>\n<p><em><span style=\"font-weight: 400;\">Una conversazione tra due delle pi\u00f9 geniali firme della letteratura per ragazzi.\u00a0<\/span><span style=\"font-weight: 400;\">Lui scrive e disegna libri a figure. Lei scrive poesie e romanzi pieni di sensibilit\u00e0. <\/span><span style=\"font-weight: 400;\">\u00c8 una gioia leggerli. Sar\u00e0 un piacere ascoltarli. Finalmente insieme a Trieste! <\/span><span style=\"font-weight: 400;\">Che Boraviglia!<\/span><\/em><\/p>\n<p><span style=\"font-weight: 400;\">Riservato a max 25 persone. <\/span><span style=\"font-weight: 400;\">Per prenotare scrivere a: museobora@gmail.com<\/span><\/p>\n<p>&nbsp;<\/p>\n<p><span style=\"text-decoration: underline;\">Mercoled\u00ec 23 luglio alle 10.00 al Borarium, Via Nazionale, 49 Opicina<\/span><\/p>\n<p><b>Facciamo Boraviglie con Sergio Ruzzier<\/b><\/p>\n<p><span style=\"font-weight: 400;\">Disegniamo con pennino e china<\/span><\/p>\n<p><span style=\"font-weight: 400;\">Laboratorio per bambini dai 5 ai 12 anni.<\/span><\/p>\n<p><span style=\"font-weight: 400;\">Riservato a max 20 partecipanti. <\/span><span style=\"font-weight: 400;\">Per prenotare scrivere a: museobora@gmail.com<\/span><\/p>\n<p><i><span style=\"font-weight: 400;\">Sergio Ruzzier \u00e8 autore e illustratore di numerosi albi: \u201cGli Uccelli\u201d (La Grande Illusion, 2025), \u201cLa storia vera\u201d (Topipittori, 2024) la straordinaria serie di Fox e Chick, da \u201cLa festa e altre storie\u201d (Topipittori, 2018) a \u201c17 fiocchi di neve\u201d. <\/span><\/i><i><span style=\"font-weight: 400;\">Le sue opere hanno vinto numerosi premi, tra cui la Parents&#8217; Choice Gold Medal, <\/span><\/i><i><span style=\"font-weight: 400;\">il Geisel Honor Book nel 2019 e nel 2023. Ha ricevuto la Sendak Fellowship nel 2011. Dopo avere vissuto per molti anni a New York, ora vive in una casa d\u2019altri tempi sull\u2019Appennino modenese. Questa \u00e8 la prima volta che viene a Trieste. Ma non \u00e8 vero! E lo scopriremo!<\/span><\/i><\/p>\n<p><span style=\"text-decoration: underline;\">Mercoled\u00ec 23 luglio alle 11.00 al Borarium, Via Nazionale, 49 Opicina<\/span><\/p>\n<p><b>Facciamo Boraviglie con Chiara Carminati<\/b><\/p>\n<p><span style=\"font-weight: 400;\">Giochiamo con le parole e la poesia<\/span><\/p>\n<p><span style=\"font-weight: 400;\">Laboratorio per bambini dai 9 ai 12 anni.<\/span><\/p>\n<p><span style=\"font-weight: 400;\">Riservato a max 15 partecipanti. <\/span><span style=\"font-weight: 400;\">Per prenotare scrivere a: museobora@gmail.com<\/span><\/p>\n<p><i><span style=\"font-weight: 400;\">Chiara Carminati \u00e8 autrice di poesie, racconti, romanzi, canzoni e spettacoli teatrali per bambini e ragazzi. Ha pubblicato con alcune tra le pi\u00f9 importanti case editrici italiane e i suoi libri hanno ricevuto numerosi premi, come lo Strega Ragazzi e Ragazze (2016) per il romanzo \u201cFuori fuoco\u201d e pi\u00f9 recentemente <\/span><\/i><i><span style=\"font-weight: 400;\">il Campiello Junior (2025) con il romanzo &#8220;Nella tua pelle&#8221; (Bompiani).<\/span><\/i> <i><span style=\"font-weight: 400;\">Nel 2012 le \u00e8 stato assegnato il Premio Andersen come miglior autrice. Nel 2021 ha scritto \u201cUn pinguino a Trieste\u201d un libro che racconta una storia leggera e profonda che sembra vera, ambientata a Trieste negli anni \u201850.<\/span><\/i><\/p>\n<p>Il progetto continuer\u00e0 a settembre con l&#8217;omaggio al poeta Miroslav Ko\u0161uta. Restate sintonizzati!<\/p>\n<p>&nbsp;<\/p>\n<p class=\"p2\"><strong>\u010cudoburje-\u010dude\u017ei burjaste de\u017eele<\/strong><\/p>\n<p class=\"p2\">Z dogodkom <i>Boraviglie\/\u010cudoburje<\/i> odpiramo prireditveni prostor znotraj Borariuma \u2013 Muzeja burje na Op\u010dinah. Skozi vsebine, povezane s \u010dudesi burje, bomo skupaj odkrivali zanimive posebnosti tega vetra in obmo\u010dja, nad katerim piha \u2013 s tem \u017eelimo poudariti dejstvo, da burja povezuje ljudi na obeh straneh meje. Neologizem <i>\u010cudoburje<\/i> (<i>Boraviglie<\/i> v italijan\u0161\u010dini) spominja na o\u010darljiva \u010dudesa, ki nas obdajajo, zato smo mu v sloven\u0161\u010dini dodali podnaslov \u00bb\u010dude\u017ei burjaste de\u017eele\u00ab, ki si ga je omislil pesnik Miroslav Ko\u0161uta. Septembra bo prav njemu posve\u010dena manj\u0161a razstava, kot poklon opusu pesnika zemlje in narave ter izjemnega predstavnika slovenske kulture. Ob razstavi na\u010drtujemo tudi brezmejno sodelovanje z Muzejem Gradu \u0160tanjel, in \u0161e sre\u010danja, katerih teme segajo od meteorologije do knji\u017eevnosti, vinarstva in kulinarike \u2013 vse dogodke pa navdihuje veter, ki nas zdru\u017euje. S tem projektom \u017eelimo proslaviti GO!2025 Nova Gorica\/Gorica, prvo evropsko prestolnico \u010dezmejne kulture.<\/p>\n<p class=\"p1\">V nadaljevanju objavljamo program projekta, ki se sofinancira s sredstvi iz razpisa GO!2025 de\u017eele Furlanije\u00a0&#8211;\u00a0Julijske krajine.<\/p>\n<p class=\"p1\"><span style=\"text-decoration: underline;\">Torek, 22. julija, ob 17.30 v (prijetno hladem) Borariumu, Narodna ulica 49, Op\u010dine<\/span><\/p>\n<p class=\"p1\"><strong><i>Klepet v vetru <\/i><\/strong><\/p>\n<p class=\"p1\"><strong>Pogovarjala se bosta Sergio Ruzzier in Chiara Carminati<\/strong><\/p>\n<p class=\"p1\">Pogovor med priznanima ustvarjalcema otro\u0161ke literature: Ruzzier je avtor proznih del in slikanic, Carminati pa pi\u0161e poezijo in rahlo\u010dutne romane. Branje njunih del nas navdaja z radostjo. In z veseljem jima bomo prisluhnili. Kon\u010dno nas bosta skupaj obiskala v Trstu \u2013 kak\u0161no <i>\u010cudoburje<\/i>!<\/p>\n<p class=\"p1\">Dogodka se lahko udele\u017ei najve\u010d 25 oseb. Rezervacije sprejemamo na naslovu: museobora@gmail.com<\/p>\n<p class=\"p1\">Pogovor bo potekal v italijanskem jeziku.<\/p>\n<p class=\"p1\"><span class=\"Apple-converted-space\">\u00a0<\/span><\/p>\n<p class=\"p1\"><span style=\"text-decoration: underline;\">Sreda, 23. julija, ob 10.00 v Borariumu, Narodna ulica 49, Op\u010dine<\/span><\/p>\n<p class=\"p1\"><strong><i>\u010cudoburje<\/i> s Sergiom Ruzzierjem<\/strong><\/p>\n<p class=\"p2\">Risanje s peresom in tu\u0161em<\/p>\n<p class=\"p1\">Delavnica za otroke, stare od 5 do 12 let.<\/p>\n<p class=\"p1\">Delavnice se lahko udele\u017ei najve\u010d 20 otrok. Rezervacije sprejemamo na naslovu: museobora@gmail.com<\/p>\n<p class=\"p1\">Sergio Ruzzier je pisec in ilustrator \u0161tevilnih del, med katerimi so <i>Ptice<\/i> (<i>Gli Uccelli<\/i>, La Grande Illusion, 2025), <i>Resni\u010dna zgodba<\/i> (<i>La storia vera<\/i>, Topipittori, 2024) ter izjemna serija Fox in Chick \u2013 od <i>Zabave in drugih zgodb<\/i> (<i>La festa e altre storie<\/i>, Topipittori, 2018) do <i>Sedemnajstih sne\u017eink<\/i> (<i>Diciassette fiocchi di neve<\/i>). Za svoja dela je prejel \u0161tevilne nagrade, med drugim Parents&#8217; Choice Gold Medal ter Geisel Honor Book leta 2019 in 2023. Leta 2011 je prejel Sendakovo \u0161tipendijo. Po dolgih letih v New Yorku se je preselil v staro doma\u010dijo sredi Apeninov, pri Modeni. V Trstu naj bi bil tokrat prvi\u010d\u00a0&#8230; zakaj ni ravno tako, bomo izvedeli med pogovorom.<\/p>\n<p class=\"p2\">Dogodek bo potekal v italijanskem jeziku, otroci pa bodo lahko ustvarjali v vseh jezikih.<\/p>\n<p>&nbsp;<\/p>\n<p class=\"p2\"><span style=\"text-decoration: underline;\">Sreda, 23. julija, ob 11.00 v Borariumu, Narodna ulica 49, Op\u010dine<\/span><\/p>\n<p class=\"p1\"><strong><i>\u010cudoburje<\/i> s Chiaro Carminati<\/strong><\/p>\n<p class=\"p2\">Igrajmo se z besedami in poezijo<\/p>\n<p class=\"p1\">Delavnica za otroke, stare od 9 do 12 let<\/p>\n<p class=\"p1\">Delavnice se lahko udele\u017ei najve\u010d 15 otrok. Rezervacije sprejemamo na naslovu: museobora@gmail.com<\/p>\n<p class=\"p1\">Chiara Carminati pi\u0161e poezijo, kratke zgodbe, romane, pesmi ter igre za otroke in mladino. Objavljala je pri najpomembnej\u0161ih italijanskih zalo\u017ebah. Za svoje delo je prejela \u0161tevilna priznanja, na primer nagrado Strega Ragazzi e Ragazze (2016) za roman <i>Zunaj ogenj<\/i> (<i>Fuori fuoco<\/i>) in, pred nedavnim, nagrado Campiello Junior (2025) za roman <i>V tvoji ko\u017ei<\/i> (<i>Nella tua pelle<\/i>, Bompiani). Leta 2012 je prejela Andersenovo nagrado kot najbolj\u0161a avtorica. Leta 2021 je napisala knjigo <i>Pingvin v Trstu<\/i> (<i>Un pinguino a Trieste<\/i>), ki pripoveduje lahkotno, a ob\u010duteno in skoraj realisti\u010dno zgodbo, postavljeno v Trst sredi petdesetih letih prej\u0161njega stoletja.<\/p>\n<p class=\"p2\">Dogodek bo potekal v italijanskem jeziku, otroci pa bodo lahko ustvarjali v vseh jezikih.<\/p>\n<p class=\"p1\">Projekt se bo nadaljeval septembra s poklonom pesniku Miroslavu Ko\u0161uti. Ostanite z nami!<\/p>\n<p>; ) &lt;&lt;<\/p>\n<p>&nbsp;<\/p>\n<div id=\"themify_builder_content-1051\" data-postid=\"1051\" class=\"themify_builder_content themify_builder_content-1051 themify_builder themify_builder_front\">\n\n\t<\/div>\n<!-- \/themify_builder_content -->","protected":false},"excerpt":{"rendered":"<p>Boraviglie-\u010cudoburje, \u00e8 l&#8217;evento inaugurale dello spazio culturale collegato al Borarium del Museo della Bora a Opicina. Attraverso il tema delle \u201cmeraviglie della Bora\u201d si esplorano tanti aspetti affascinanti legati a questo vento &#8211; e al territorio su cui soffia &#8211; per sottolineare come esso unisca le popolazioni al di qua e al di l\u00e0 del [&hellip;]<\/p>\n","protected":false},"author":1,"featured_media":1058,"comment_status":"open","ping_status":"open","sticky":false,"template":"","format":"standard","meta":[],"categories":[86],"tags":[],"_links":{"self":[{"href":"https:\/\/museobora.org\/wp\/wp-json\/wp\/v2\/posts\/1051"}],"collection":[{"href":"https:\/\/museobora.org\/wp\/wp-json\/wp\/v2\/posts"}],"about":[{"href":"https:\/\/museobora.org\/wp\/wp-json\/wp\/v2\/types\/post"}],"author":[{"embeddable":true,"href":"https:\/\/museobora.org\/wp\/wp-json\/wp\/v2\/users\/1"}],"replies":[{"embeddable":true,"href":"https:\/\/museobora.org\/wp\/wp-json\/wp\/v2\/comments?post=1051"}],"version-history":[{"count":5,"href":"https:\/\/museobora.org\/wp\/wp-json\/wp\/v2\/posts\/1051\/revisions"}],"predecessor-version":[{"id":1060,"href":"https:\/\/museobora.org\/wp\/wp-json\/wp\/v2\/posts\/1051\/revisions\/1060"}],"wp:featuredmedia":[{"embeddable":true,"href":"https:\/\/museobora.org\/wp\/wp-json\/wp\/v2\/media\/1058"}],"wp:attachment":[{"href":"https:\/\/museobora.org\/wp\/wp-json\/wp\/v2\/media?parent=1051"}],"wp:term":[{"taxonomy":"category","embeddable":true,"href":"https:\/\/museobora.org\/wp\/wp-json\/wp\/v2\/categories?post=1051"},{"taxonomy":"post_tag","embeddable":true,"href":"https:\/\/museobora.org\/wp\/wp-json\/wp\/v2\/tags?post=1051"}],"curies":[{"name":"wp","href":"https:\/\/api.w.org\/{rel}","templated":true}]}}