{"id":457,"date":"2019-09-11T09:03:31","date_gmt":"2019-09-11T09:03:31","guid":{"rendered":"https:\/\/museobora.org\/wp\/?p=457"},"modified":"2019-09-11T09:03:46","modified_gmt":"2019-09-11T09:03:46","slug":"la-fieretta-dei-piccoli-musei-noi-ci-siamo","status":"publish","type":"post","link":"https:\/\/museobora.org\/wp\/2019\/09\/11\/la-fieretta-dei-piccoli-musei-noi-ci-siamo\/","title":{"rendered":"La Fieretta dei Piccoli Musei: noi ci siamo!"},"content":{"rendered":"<p>Sabato 21 settembre, dalle 15 alle 19<br \/>\nUn invito alla scoperta di realt\u00e0 note ma anche inaspettate, proprio dietro l\u2019angolo!<\/p>\n<p>Si avvicina la 3^ giornata nazionale dei Piccoli Musei \u2022 domenica 29 settembre<br \/>\nDopo il successo delle prime due edizioni, l\u2019Associazione Nazionale dei Piccoli Musei<br \/>\n\u00e8 pronta per una nuova festa dei piccoli musei, con gli obiettivi di:<br \/>\n1. stimolare gli ingressi, aumentare il numero dei visitatori nei piccoli musei e il coinvolgimento delle comunit\u00e0 locali,<br \/>\n2. fare conoscere la realt\u00e0 e il valore dei piccoli musei ai diversi \u201cpubblici\u201d, alle istituzioni e ai media,<br \/>\n3. valorizzare il ruolo e le funzioni dei piccoli musei, che non sono semplicemente una versione ridotta di quelli di grande dimensione.<br \/>\nLa Giornata Nazionale, in programma per domenica 29 settembre, si caratterizzer\u00e0 non solo per le porte aperte e l&#8217;ingresso gratuito, ma soprattutto per un gesto di accoglienza in grado di esprimere la cultura del museo e la sua identit\u00e0; un gesto che si materializzer\u00e0 in un dono a tutti i visitatori, simbolo dell&#8217;accoglienza e dell&#8217;identit\u00e0 del museo.<br \/>\nIl dono vuole indicare che nei piccoli musei la prima risorsa sono le persone, chi ci lavora, chi cura le collezioni, chi ha aperto il museo, chi lo visita, i residenti che si identificano con il museo o che collaborano\u2026<br \/>\nIl tema di quest\u2019anno che si riassume nel claim \u201cMa tu, hai a cuore i piccoli musei?\u201d, vuole coinvolgere i visitatori in prima persona, e insieme a loro vuole stimolare le Istituzioni a prendere consapevolezza del fatto che i piccoli musei rappresentano la stragrande maggioranza dei musei italiani, e sempre pi\u00f9 spesso sono luoghi di innovazione oltre che di conservazione e valorizzazione dei beni culturali.<br \/>\nwww.piccolimusei.com<\/p>\n<p>La fieretta dei piccoli Musei \u2022 Sabato 21 settembre alla Casa della Musica<br \/>\nIn Friuli Venezia Giulia, oltre alla festa di domenica 29 settembre, abbiamo pensato di mettere i piccoli musei ancora pi\u00f9 in evidenza. In occasione dell\u2019inizio del nuovo anno scolastico, \u00e8 in programma una vera e propria \u201cfieretta dei piccoli musei&#8221; per agevolare l\u2019incontro tra scuole e realt\u00e0 museali, utile allo scambio di informazioni con i docenti per preparare al meglio le visite delle classi di ogni ordine e grado.<br \/>\nL\u2019appuntamento \u00e8 per sabato 21 settembre, dalle 15 alle 19, alla Casa della Musica, in via dei Capitelli, 3, nel cuore di Trieste.<br \/>\nHanno gi\u00e0 confermato la loro partecipazione una decina di realt\u00e0 museali vicine:<br \/>\n\u2022 Museo Casa Bruseschi, Prato Carnico<br \/>\n\u2022 Museo dell&#8217;arte fabbrile e delle coltellerie di Maniago<br \/>\n\u2022 Muca-Museo della cantieristica di Monfalcone<br \/>\n\u2022 Museo etnografico di Buie (HR)<br \/>\n\u2022 SMO-Slovensko multimedialno okno-Finestra multimediale slovena di San Pietro al Natisone<br \/>\n\u2022 Museo Nazionale dell&#8217;Antartide &#8211; Sezione di Trieste<br \/>\n\u2022 Piccolo Museo via dei Fabbri (Trieste)<br \/>\n\u2022 Museo Fondazione Brovedani (Trieste)<br \/>\n\u2022 Speleovivarium (Trieste)<br \/>\n\u2022 Museo del Lavatoio (Trieste)<br \/>\n\u2022 Magazzino dei Venti-Piccolo Museo della Bora (Trieste)<\/p>\n<p>La partecipazione dei musei \u00e8 gratuita. Altri eventuali piccoli musei desiderosi di partecipare saranno benvenuti anche all\u2019ultimo minuto!<br \/>\nIngresso libero per i visitatori.<br \/>\nCi vediamo l\u00e0?<\/p>\n<div id=\"themify_builder_content-457\" data-postid=\"457\" class=\"themify_builder_content themify_builder_content-457 themify_builder themify_builder_front\">\n\n\t<\/div>\n<!-- \/themify_builder_content -->","protected":false},"excerpt":{"rendered":"<p>Sabato 21 settembre, dalle 15 alle 19 Un invito alla scoperta di realt\u00e0 note ma anche inaspettate, proprio dietro l\u2019angolo! Si avvicina la 3^ giornata nazionale dei Piccoli Musei \u2022 domenica 29 settembre Dopo il successo delle prime due edizioni, l\u2019Associazione Nazionale dei Piccoli Musei \u00e8 pronta per una nuova festa dei piccoli musei, con [&hellip;]<\/p>\n","protected":false},"author":1,"featured_media":458,"comment_status":"open","ping_status":"open","sticky":false,"template":"","format":"standard","meta":[],"categories":[86],"tags":[184,167,171],"_links":{"self":[{"href":"https:\/\/museobora.org\/wp\/wp-json\/wp\/v2\/posts\/457"}],"collection":[{"href":"https:\/\/museobora.org\/wp\/wp-json\/wp\/v2\/posts"}],"about":[{"href":"https:\/\/museobora.org\/wp\/wp-json\/wp\/v2\/types\/post"}],"author":[{"embeddable":true,"href":"https:\/\/museobora.org\/wp\/wp-json\/wp\/v2\/users\/1"}],"replies":[{"embeddable":true,"href":"https:\/\/museobora.org\/wp\/wp-json\/wp\/v2\/comments?post=457"}],"version-history":[{"count":1,"href":"https:\/\/museobora.org\/wp\/wp-json\/wp\/v2\/posts\/457\/revisions"}],"predecessor-version":[{"id":459,"href":"https:\/\/museobora.org\/wp\/wp-json\/wp\/v2\/posts\/457\/revisions\/459"}],"wp:featuredmedia":[{"embeddable":true,"href":"https:\/\/museobora.org\/wp\/wp-json\/wp\/v2\/media\/458"}],"wp:attachment":[{"href":"https:\/\/museobora.org\/wp\/wp-json\/wp\/v2\/media?parent=457"}],"wp:term":[{"taxonomy":"category","embeddable":true,"href":"https:\/\/museobora.org\/wp\/wp-json\/wp\/v2\/categories?post=457"},{"taxonomy":"post_tag","embeddable":true,"href":"https:\/\/museobora.org\/wp\/wp-json\/wp\/v2\/tags?post=457"}],"curies":[{"name":"wp","href":"https:\/\/api.w.org\/{rel}","templated":true}]}}