{"id":801,"date":"2022-12-23T11:38:55","date_gmt":"2022-12-23T11:38:55","guid":{"rendered":"https:\/\/museobora.org\/wp\/?p=801"},"modified":"2022-12-23T11:38:55","modified_gmt":"2022-12-23T11:38:55","slug":"ventiventidue-un-anno-intenso","status":"publish","type":"post","link":"https:\/\/museobora.org\/wp\/2022\/12\/23\/ventiventidue-un-anno-intenso\/","title":{"rendered":"Ventiventidue. Un anno intenso!"},"content":{"rendered":"\n<p>All\u2019inizio dell\u2019anno si \u00e8 concluso il progetto \u201cCambiaventi-L\u2019emergenza climatica e noi\u201d con la pubblicazione del volume omonimo resa possibile dal <em>grant<\/em> della Fondazione Cesvi nell\u2019ambito del progetto europeo 1planet4all (DEARprogramme).<\/p>\n\n\n\n<p>Si tratta del primo libro partecipato dedicato alla sensibilizzazione sul tema dei cambiamenti climatici in Friuli Venezia Giulia. Tutte le copie sono andate rapidamente esaurite, ma \u00e8 ancora possibile scaricare il PDF dal sito <a href=\"http:\/\/cambiaventi.museobora.org\">cambiaventi.museobora.org<\/a><\/p>\n\n\n\n<p>Nei mesi successivi il progetto ha continuato a girare anche fuori dalla regione. In particolare, nel mese di maggio l\u2019Associazione \u00e8 stata ospite all\u2019edizione 2022 di Artepollino, in Basilicata, per un doppio incontro, con gli studenti dell\u2019Istituto Sinisgalli di Senise e con il pubblico del Museo Mula+ di Latronico.<\/p>\n\n\n\n<p>A giugno la mostra nata con il progetto Centoventi intitolata \u201cRacconto di un clima passato\u201d, con le foto dei freddi inverni d\u2019altri tempi scattate dal professor Silvio Polli, \u00e8 stata esposta a Torre di Pordenone per il festival Be the change organizzato da SPK teatro. Successivamente la mostra \u00e8 stata ospite dell\u2019ITIS di Trieste per stimolare i ricordi degli ospiti dello storico ente d\u2019assistenza cittadino anche con una serie di pannelli che invitavano a rispondere a domande tipo \u201cLa bora soffiava di pi\u00f9 una volta?\u201d, \u201cCosa vi \u00e8 successo con la bora?\u201d, \u201cQual \u00e8 il vostro luogo della bora?\u201d\u2026<\/p>\n\n\n\n<p>Grazie alla partecipazione alla prima edizione di Eureka, la fiera regionale della cultura e della creativit\u00e0 l\u2019Associazione \u00e8 entrata in contatto con interessanti realt\u00e0 come Kultframe e Ambasceria Cult. Con la prima \u00e8 allo studio un progetto europeo, con la seconda \u00e8 nata una collaborazione al fine di produrre un\u2019esperienza creativa dal titolo \u201cArte &amp; Vento\u201d che si \u00e8 svolta con successo alla fine di settembre.<\/p>\n\n\n\n<p>A giugno si \u00e8 svolta la settima edizione di Boramata, inserita nel programma del festival degli oceani \u201cMareDireFare\u201d, l\u2019edizione della ripartenza con grande gioia nei grandi e nei piccoli passati in piazza Unit\u00e0 ad ammirare il giardino di girandole e le evoluzioni delle bol di Edo Borghetti \u201cEdofly\u201d e degli aquiloni acrobatici di Sara Rizzetto.<\/p>\n\n\n\n<p>Durante l\u2019anno ci sono state collaborazioni interessanti con la Scuola del Viaggio, con Sky per una convention a Trieste, con l\u2019ONAS-Assaggiatori di salumi, con il festival l\u2019Energia dei luoghi, senza dimenticare la bella collaborazione con la Biblioteca Villa Dora che si \u00e8 confermata con il progetto \u201cFiume in corso\u201d al quale l\u2019Associazione ha contribuito con una serie di laboratori di girandole e cose ventose. A proposito di biblioteche, a dicembre l\u2019Associazione \u00e8 stata ospite della biblioteca Vincenzo Cardarelli di Tarquinia (VT) per l\u2019edizione 2022\/23 del festival Pagine-a-colori dal titolo \u201cinevitabile vento\u201d. Nel mese di settembre l\u2019Associazione ha partecipato agli eventi per i trent\u2019anni della Fondazione CRTrieste con l\u2019incontro \u201cBora, storie e memorie\u201d.<\/p>\n\n\n\n<p>Il Magazzino dei Venti ha avuto circa 1.200 visitatori dall\u2019Italia e da tantissimi posti del mondo, dall\u2019Ucraina al Massachussets, senza dimenticare i visitatori provenienti dai Paesi vicini e del centro Europa. Il Magazzino \u00e8 generalmente apprezzato, basta dare uno sguardo alle ormai quasi 90 recensioni su Google. E non solo\u2026 Non sono mancate le troupe TV, in particolare si segnala lo speciale su Trieste della trasmissione inglese \u201cTravel man\u201d (Channel 4) programmata per il 2023.<\/p>\n\n\n\n<p>Il bilancio delle attivit\u00e0 \u00e8 ovviamente positivo. C\u2019\u00e8 molto lavoro visibile e tantissimo lavoro&nbsp; nascosto, di preparazione al futuro. Chi semina vento, prima o poi, sfatando i soliti proverbi, raccoglier\u00e0 il suo museo.<\/p>\n<div id=\"themify_builder_content-801\" data-postid=\"801\" class=\"themify_builder_content themify_builder_content-801 themify_builder themify_builder_front\">\n\n\t<\/div>\n<!-- \/themify_builder_content -->","protected":false},"excerpt":{"rendered":"<p>All\u2019inizio dell\u2019anno si \u00e8 concluso il progetto \u201cCambiaventi-L\u2019emergenza climatica e noi\u201d con la pubblicazione del volume omonimo resa possibile dal grant della Fondazione Cesvi nell\u2019ambito del progetto europeo 1planet4all (DEARprogramme). Si tratta del primo libro partecipato dedicato alla sensibilizzazione sul tema dei cambiamenti climatici in Friuli Venezia Giulia. Tutte le copie sono andate rapidamente esaurite, [&hellip;]<\/p>\n","protected":false},"author":1,"featured_media":0,"comment_status":"open","ping_status":"open","sticky":false,"template":"","format":"standard","meta":[],"categories":[1],"tags":[],"_links":{"self":[{"href":"https:\/\/museobora.org\/wp\/wp-json\/wp\/v2\/posts\/801"}],"collection":[{"href":"https:\/\/museobora.org\/wp\/wp-json\/wp\/v2\/posts"}],"about":[{"href":"https:\/\/museobora.org\/wp\/wp-json\/wp\/v2\/types\/post"}],"author":[{"embeddable":true,"href":"https:\/\/museobora.org\/wp\/wp-json\/wp\/v2\/users\/1"}],"replies":[{"embeddable":true,"href":"https:\/\/museobora.org\/wp\/wp-json\/wp\/v2\/comments?post=801"}],"version-history":[{"count":1,"href":"https:\/\/museobora.org\/wp\/wp-json\/wp\/v2\/posts\/801\/revisions"}],"predecessor-version":[{"id":802,"href":"https:\/\/museobora.org\/wp\/wp-json\/wp\/v2\/posts\/801\/revisions\/802"}],"wp:attachment":[{"href":"https:\/\/museobora.org\/wp\/wp-json\/wp\/v2\/media?parent=801"}],"wp:term":[{"taxonomy":"category","embeddable":true,"href":"https:\/\/museobora.org\/wp\/wp-json\/wp\/v2\/categories?post=801"},{"taxonomy":"post_tag","embeddable":true,"href":"https:\/\/museobora.org\/wp\/wp-json\/wp\/v2\/tags?post=801"}],"curies":[{"name":"wp","href":"https:\/\/api.w.org\/{rel}","templated":true}]}}